{"id":4790,"date":"2024-11-14T16:14:40","date_gmt":"2024-11-14T16:14:40","guid":{"rendered":"https:\/\/vaic.hr\/?p=2551"},"modified":"2025-04-08T13:43:38","modified_gmt":"2025-04-08T13:43:38","slug":"persoenlich-bedingte-kuendigung","status":"publish","type":"post","link":"https:\/\/vaic.hr\/de\/persoenlich-bedingte-kuendigung\/","title":{"rendered":"Pers\u00f6nlich bedingte K\u00fcndigung"},"content":{"rendered":"\n<p>Die pers\u00f6nlich bedingte K\u00fcndigung ist eine Form der ordentlichen K\u00fcndigung, die im Artikel 155 des Arbeitsgesetzes geregelt ist und es dem Arbeitgeber erm\u00f6glicht, sich von den negativen Folgen eines Arbeitsvertrages zu sch\u00fctzen, wenn der Arbeitnehmer aus keinen eigenen Verschulden heraus seine arbeitsrechtlichen Pflichten nicht ordnungsgem\u00e4\u00df erf\u00fcllen kann. <\/p>\n\n\n\n<p>Diese Art der K\u00fcndigung erfolgt, wenn der Arbeitnehmer aufgrund dauerhafter Ver\u00e4nderungen seiner F\u00e4higkeiten oder Eigenschaften nicht in der Lage ist, seine Aufgaben zu erf\u00fcllen.<\/p>\n\n\n\n<p>Um eine Entscheidung \u00fcber die pers\u00f6nlich bedingte K\u00fcndigung des Arbeitsvertrages treffen zu k\u00f6nnen, m\u00fcssen zwei wesentliche Voraussetzungen erf\u00fcllt sein: Erstens muss der Arbeitnehmer seine Pflichten aus dem Arbeitsvertrag nicht mehr erf\u00fcllen k\u00f6nnen, und zweitens muss diese Unf\u00e4higkeit aus dauerhaften F\u00e4higkeiten oder Eigenschaften resultieren, <strong>f\u00fcr die er nicht verantwortlich ist<\/strong>.<\/p>\n\n\n\n<h3 class=\"wp-block-heading has-black-color has-text-color has-link-color wp-elements-391cdd428b381050cbede641aef44440\" style=\"font-size:30px\"><strong>Gr\u00fcnde f\u00fcr die K\u00fcndigung<\/strong><\/h3>\n\n\n\n<p>In diesem Fall liegen die Gr\u00fcnde f\u00fcr die K\u00fcndigung auf der Seite des Arbeitnehmers und ergeben sich aus seinen F\u00e4higkeiten oder Eigenschaften. Diese Gr\u00fcnde sind nicht das Verschulden des Arbeitnehmers und m\u00fcssen dauerhaft sein. <\/p>\n\n\n\n<p>Zum Beispiel, wenn ein Arbeitnehmer, der normalerweise als Lagerarbeiter t\u00e4tig ist, sich eine Handverletzung zuzieht, die von dauerhafter Natur ist und sene Motorik beeintr\u00e4chtigt, wird er nicht mehr in der Lage sein, die Aufgaben seines Arbeitsplatzes zu erf\u00fcllen, da die Arbeit als Lagerarbeiter die Bedienung von Maschinen und schweren Lasten erfordert.<\/p>\n\n\n\n<p>Es ist hervorzuheben, dass die blo\u00dfe unmittelbare Gefahr einer Arbeitsunf\u00e4higkeit keinen gerechtfertigten Grund f\u00fcr eine pers\u00f6nlich bedingte K\u00fcndigung darstellt. So hat die Rechtsprechung festgestellt, dass Krankheit (oder Verletzung) nur dann einen Grund f\u00fcr eine pers\u00f6nlich bedingte K\u00fcndigung darstellen kann, wenn sie von dauerhafter Natur ist und der Arbeitnehmer daher seinen Job nicht mehr erfolgreich ausf\u00fchren kann.<\/p>\n\n\n\n<p>Andererseits sind die Voraussetzungen f\u00fcr eine pers\u00f6nlich bedingte K\u00fcndigung erf\u00fcllt, wenn der Arbeitnehmer die ihm \u00fcbertragenen Aufgaben nicht mehr erf\u00fcllen kann und der Arbeitgeber weder einen anderen Arbeitsplatz anbieten noch den Arbeitnehmer f\u00fcr andere T\u00e4tigkeiten umschulen kann. <\/p>\n\n\n\n<p>Ebenso kann eine pers\u00f6nlich bedingte K\u00fcndigung gerechtfertigt sein, wenn der Arbeitgeber feststellt, dass der Arbeitnehmer trotz seiner Bem\u00fchungen nicht in der Lage ist, die T\u00e4tigkeiten auszuf\u00fchren, f\u00fcr die er den Arbeitsvertrag abgeschlossen hat. <\/p>\n\n\n\n<p>Auch wenn andere Arbeitnehmer, die dieselben Aufgaben \u00fcbernehmen, deutlich bessere Ergebnisse erzielen, kann dies als Grundlage f\u00fcr die Entscheidung \u00fcber eine pers\u00f6nlich bedingte K\u00fcndigung dienen.<\/p>\n\n\n\n<p>Die K\u00fcndigung muss dem Arbeitnehmer schriftlich \u00fcbermittelt werden, zusammen mit einer Begr\u00fcndung der Gr\u00fcnde, aus denen der Arbeitsvertrag gek\u00fcndigt wird. <\/p>\n\n\n\n<p>Im Falle eines Rechtsstreits tr\u00e4gt der Arbeitgeber die Beweislast f\u00fcr die Rechtm\u00e4\u00dfigkeit der K\u00fcndigung.<\/p>\n\n\n\n<h3 class=\"wp-block-heading has-black-color has-text-color has-link-color wp-elements-86273c86fb0375ef944a8f9ff866549b\" style=\"font-size:30px\"><strong>Rechte und pflichten nach der pers\u00f6nlich bedingten K\u00fcndigung<\/strong><\/h3>\n\n\n\n<p>Da diese K\u00fcndigung eine Form der ordentlichen K\u00fcndigung ist, gelten die Bestimmungen f\u00fcr die ordentliche K\u00fcndigung.<\/p>\n\n\n\n<p>Nach einer pers\u00f6nlich bedingten K\u00fcndigung ist der Arbeitnehmer weiterhin verpflichtet, die K\u00fcndigungsfrist zu erf\u00fcllen, deren Mindestdauer im Artikel 122 des Arbeitsgesetzes festgelegt ist oder durch den Arbeitsvertrag bestimmt wird. <\/p>\n\n\n\n<p>Auch hat der Arbeitnehmer in diesem Fall Anspruch auf eine Abfindung, vorausgesetzt, der Arbeitsvertrag wurde vom Arbeitgeber gek\u00fcndigt und der Arbeitnehmer hat mindestens zwei Jahre ununterbrochen gearbeitet.<\/p>\n\n\n\n<p><\/p>\n","protected":false},"excerpt":{"rendered":"<p>Die pers\u00f6nlich bedingte K\u00fcndigung ist eine Form der ordentlichen K\u00fcndigung, die im Artikel 155 des Arbeitsgesetzes geregelt ist und es dem Arbeitgeber erm\u00f6glicht, sich von den negativen Folgen eines Arbeitsvertrages zu sch\u00fctzen, wenn der Arbeitnehmer aus keinen eigenen Verschulden heraus seine arbeitsrechtlichen Pflichten nicht ordnungsgem\u00e4\u00df erf\u00fcllen kann. Diese Art der K\u00fcndigung erfolgt, wenn der Arbeitnehmer aufgrund dauerhafter Ver\u00e4nderungen seiner F\u00e4higkeiten oder Eigenschaften nicht in der Lage ist, seine Aufgaben zu erf\u00fcllen. Um eine Entscheidung \u00fcber die pers\u00f6nlich bedingte K\u00fcndigung des Arbeitsvertrages treffen zu k\u00f6nnen, m\u00fcssen zwei wesentliche Voraussetzungen erf\u00fcllt sein: Erstens muss der Arbeitnehmer seine Pflichten aus dem Arbeitsvertrag nicht&#8230;<\/p>\n","protected":false},"author":1,"featured_media":0,"comment_status":"closed","ping_status":"open","sticky":false,"template":"","format":"standard","meta":{"footnotes":""},"categories":[201],"tags":[],"class_list":["post-4790","post","type-post","status-publish","format-standard","hentry","category-arbeitsrecht"],"yoast_head":"<!-- This site is optimized with the Yoast SEO plugin v26.6 - https:\/\/yoast.com\/wordpress\/plugins\/seo\/ -->\n<title>Ihre Rechte bei einer personenbedingten K\u00fcndigung \u2013 Bleiben Sie informiert!<\/title>\n<meta name=\"description\" content=\"Alles \u00fcber die personenbedingte K\u00fcndigung. Erfahren Sie mehr \u00fcber rechtliche Anforderungen, Gr\u00fcnde und Arbeitnehmerrechte.\" \/>\n<meta name=\"robots\" content=\"index, follow, max-snippet:-1, max-image-preview:large, max-video-preview:-1\" \/>\n<link rel=\"canonical\" href=\"https:\/\/vaic.hr\/de\/persoenlich-bedingte-kuendigung\/\" \/>\n<meta property=\"og:locale\" content=\"de_DE\" \/>\n<meta property=\"og:type\" content=\"article\" \/>\n<meta property=\"og:title\" content=\"Ihre Rechte bei einer personenbedingten K\u00fcndigung \u2013 Bleiben Sie informiert!\" \/>\n<meta property=\"og:description\" content=\"Alles \u00fcber die personenbedingte K\u00fcndigung. Erfahren Sie mehr \u00fcber rechtliche Anforderungen, Gr\u00fcnde und Arbeitnehmerrechte.\" \/>\n<meta property=\"og:url\" content=\"https:\/\/vaic.hr\/de\/persoenlich-bedingte-kuendigung\/\" \/>\n<meta property=\"og:site_name\" content=\"Anwaltsgesellschaft Vai\u0107 &amp; Dvorni\u010di\u0107 G. m. b. H.\" \/>\n<meta property=\"article:published_time\" content=\"2024-11-14T16:14:40+00:00\" \/>\n<meta property=\"article:modified_time\" content=\"2025-04-08T13:43:38+00:00\" \/>\n<meta name=\"author\" content=\"ja4my\" \/>\n<meta name=\"twitter:card\" content=\"summary_large_image\" \/>\n<meta name=\"twitter:label1\" content=\"Verfasst von\" \/>\n\t<meta name=\"twitter:data1\" content=\"ja4my\" \/>\n\t<meta name=\"twitter:label2\" content=\"Gesch\u00e4tzte Lesezeit\" \/>\n\t<meta name=\"twitter:data2\" content=\"3\u00a0Minuten\" \/>\n<script type=\"application\/ld+json\" class=\"yoast-schema-graph\">{\"@context\":\"https:\/\/schema.org\",\"@graph\":[{\"@type\":\"WebPage\",\"@id\":\"https:\/\/vaic.hr\/de\/persoenlich-bedingte-kuendigung\/\",\"url\":\"https:\/\/vaic.hr\/de\/persoenlich-bedingte-kuendigung\/\",\"name\":\"Ihre Rechte bei einer personenbedingten K\u00fcndigung \u2013 Bleiben Sie informiert!\",\"isPartOf\":{\"@id\":\"https:\/\/vaic.hr\/de\/#website\"},\"datePublished\":\"2024-11-14T16:14:40+00:00\",\"dateModified\":\"2025-04-08T13:43:38+00:00\",\"author\":{\"@id\":\"https:\/\/vaic.hr\/de\/#\/schema\/person\/216e7ab938eb84403cde38ff4f6dcaaf\"},\"description\":\"Alles \u00fcber die personenbedingte K\u00fcndigung. Erfahren Sie mehr \u00fcber rechtliche Anforderungen, Gr\u00fcnde und Arbeitnehmerrechte.\",\"breadcrumb\":{\"@id\":\"https:\/\/vaic.hr\/de\/persoenlich-bedingte-kuendigung\/#breadcrumb\"},\"inLanguage\":\"de\",\"potentialAction\":[{\"@type\":\"ReadAction\",\"target\":[\"https:\/\/vaic.hr\/de\/persoenlich-bedingte-kuendigung\/\"]}]},{\"@type\":\"BreadcrumbList\",\"@id\":\"https:\/\/vaic.hr\/de\/persoenlich-bedingte-kuendigung\/#breadcrumb\",\"itemListElement\":[{\"@type\":\"ListItem\",\"position\":1,\"name\":\"Po\u010detna stranica\",\"item\":\"https:\/\/vaic.hr\/de\/\"},{\"@type\":\"ListItem\",\"position\":2,\"name\":\"Pers\u00f6nlich bedingte K\u00fcndigung\"}]},{\"@type\":\"WebSite\",\"@id\":\"https:\/\/vaic.hr\/de\/#website\",\"url\":\"https:\/\/vaic.hr\/de\/\",\"name\":\"Anwaltsgesellschaft Vai\u0107 &amp; Dvorni\u010di\u0107 G. m. b. H.\",\"description\":\"Pravno savjetovanje i zastupanje od 1938.g. u Republici Hrvatsko\",\"potentialAction\":[{\"@type\":\"SearchAction\",\"target\":{\"@type\":\"EntryPoint\",\"urlTemplate\":\"https:\/\/vaic.hr\/de\/?s={search_term_string}\"},\"query-input\":{\"@type\":\"PropertyValueSpecification\",\"valueRequired\":true,\"valueName\":\"search_term_string\"}}],\"inLanguage\":\"de\"},{\"@type\":\"Person\",\"@id\":\"https:\/\/vaic.hr\/de\/#\/schema\/person\/216e7ab938eb84403cde38ff4f6dcaaf\",\"name\":\"ja4my\",\"image\":{\"@type\":\"ImageObject\",\"inLanguage\":\"de\",\"@id\":\"https:\/\/vaic.hr\/de\/#\/schema\/person\/image\/\",\"url\":\"https:\/\/secure.gravatar.com\/avatar\/71d97d65b8c64a609d3832e7b79d4023b01fa8f27f098291cfc568ff66f02c75?s=96&d=mm&r=g\",\"contentUrl\":\"https:\/\/secure.gravatar.com\/avatar\/71d97d65b8c64a609d3832e7b79d4023b01fa8f27f098291cfc568ff66f02c75?s=96&d=mm&r=g\",\"caption\":\"ja4my\"},\"sameAs\":[\"https:\/\/vaic.hr\"],\"url\":\"https:\/\/vaic.hr\/de\/author\/ja4my\/\"}]}<\/script>\n<!-- \/ Yoast SEO plugin. -->","yoast_head_json":{"title":"Ihre Rechte bei einer personenbedingten K\u00fcndigung \u2013 Bleiben Sie informiert!","description":"Alles \u00fcber die personenbedingte K\u00fcndigung. Erfahren Sie mehr \u00fcber rechtliche Anforderungen, Gr\u00fcnde und Arbeitnehmerrechte.","robots":{"index":"index","follow":"follow","max-snippet":"max-snippet:-1","max-image-preview":"max-image-preview:large","max-video-preview":"max-video-preview:-1"},"canonical":"https:\/\/vaic.hr\/de\/persoenlich-bedingte-kuendigung\/","og_locale":"de_DE","og_type":"article","og_title":"Ihre Rechte bei einer personenbedingten K\u00fcndigung \u2013 Bleiben Sie informiert!","og_description":"Alles \u00fcber die personenbedingte K\u00fcndigung. Erfahren Sie mehr \u00fcber rechtliche Anforderungen, Gr\u00fcnde und Arbeitnehmerrechte.","og_url":"https:\/\/vaic.hr\/de\/persoenlich-bedingte-kuendigung\/","og_site_name":"Anwaltsgesellschaft Vai\u0107 &amp; Dvorni\u010di\u0107 G. m. b. H.","article_published_time":"2024-11-14T16:14:40+00:00","article_modified_time":"2025-04-08T13:43:38+00:00","author":"ja4my","twitter_card":"summary_large_image","twitter_misc":{"Verfasst von":"ja4my","Gesch\u00e4tzte Lesezeit":"3\u00a0Minuten"},"schema":{"@context":"https:\/\/schema.org","@graph":[{"@type":"WebPage","@id":"https:\/\/vaic.hr\/de\/persoenlich-bedingte-kuendigung\/","url":"https:\/\/vaic.hr\/de\/persoenlich-bedingte-kuendigung\/","name":"Ihre Rechte bei einer personenbedingten K\u00fcndigung \u2013 Bleiben Sie informiert!","isPartOf":{"@id":"https:\/\/vaic.hr\/de\/#website"},"datePublished":"2024-11-14T16:14:40+00:00","dateModified":"2025-04-08T13:43:38+00:00","author":{"@id":"https:\/\/vaic.hr\/de\/#\/schema\/person\/216e7ab938eb84403cde38ff4f6dcaaf"},"description":"Alles \u00fcber die personenbedingte K\u00fcndigung. Erfahren Sie mehr \u00fcber rechtliche Anforderungen, Gr\u00fcnde und Arbeitnehmerrechte.","breadcrumb":{"@id":"https:\/\/vaic.hr\/de\/persoenlich-bedingte-kuendigung\/#breadcrumb"},"inLanguage":"de","potentialAction":[{"@type":"ReadAction","target":["https:\/\/vaic.hr\/de\/persoenlich-bedingte-kuendigung\/"]}]},{"@type":"BreadcrumbList","@id":"https:\/\/vaic.hr\/de\/persoenlich-bedingte-kuendigung\/#breadcrumb","itemListElement":[{"@type":"ListItem","position":1,"name":"Po\u010detna stranica","item":"https:\/\/vaic.hr\/de\/"},{"@type":"ListItem","position":2,"name":"Pers\u00f6nlich bedingte K\u00fcndigung"}]},{"@type":"WebSite","@id":"https:\/\/vaic.hr\/de\/#website","url":"https:\/\/vaic.hr\/de\/","name":"Anwaltsgesellschaft Vai\u0107 &amp; Dvorni\u010di\u0107 G. m. b. H.","description":"Pravno savjetovanje i zastupanje od 1938.g. u Republici Hrvatsko","potentialAction":[{"@type":"SearchAction","target":{"@type":"EntryPoint","urlTemplate":"https:\/\/vaic.hr\/de\/?s={search_term_string}"},"query-input":{"@type":"PropertyValueSpecification","valueRequired":true,"valueName":"search_term_string"}}],"inLanguage":"de"},{"@type":"Person","@id":"https:\/\/vaic.hr\/de\/#\/schema\/person\/216e7ab938eb84403cde38ff4f6dcaaf","name":"ja4my","image":{"@type":"ImageObject","inLanguage":"de","@id":"https:\/\/vaic.hr\/de\/#\/schema\/person\/image\/","url":"https:\/\/secure.gravatar.com\/avatar\/71d97d65b8c64a609d3832e7b79d4023b01fa8f27f098291cfc568ff66f02c75?s=96&d=mm&r=g","contentUrl":"https:\/\/secure.gravatar.com\/avatar\/71d97d65b8c64a609d3832e7b79d4023b01fa8f27f098291cfc568ff66f02c75?s=96&d=mm&r=g","caption":"ja4my"},"sameAs":["https:\/\/vaic.hr"],"url":"https:\/\/vaic.hr\/de\/author\/ja4my\/"}]}},"_links":{"self":[{"href":"https:\/\/vaic.hr\/de\/wp-json\/wp\/v2\/posts\/4790","targetHints":{"allow":["GET"]}}],"collection":[{"href":"https:\/\/vaic.hr\/de\/wp-json\/wp\/v2\/posts"}],"about":[{"href":"https:\/\/vaic.hr\/de\/wp-json\/wp\/v2\/types\/post"}],"author":[{"embeddable":true,"href":"https:\/\/vaic.hr\/de\/wp-json\/wp\/v2\/users\/1"}],"replies":[{"embeddable":true,"href":"https:\/\/vaic.hr\/de\/wp-json\/wp\/v2\/comments?post=4790"}],"version-history":[{"count":1,"href":"https:\/\/vaic.hr\/de\/wp-json\/wp\/v2\/posts\/4790\/revisions"}],"predecessor-version":[{"id":5386,"href":"https:\/\/vaic.hr\/de\/wp-json\/wp\/v2\/posts\/4790\/revisions\/5386"}],"wp:attachment":[{"href":"https:\/\/vaic.hr\/de\/wp-json\/wp\/v2\/media?parent=4790"}],"wp:term":[{"taxonomy":"category","embeddable":true,"href":"https:\/\/vaic.hr\/de\/wp-json\/wp\/v2\/categories?post=4790"},{"taxonomy":"post_tag","embeddable":true,"href":"https:\/\/vaic.hr\/de\/wp-json\/wp\/v2\/tags?post=4790"}],"curies":[{"name":"wp","href":"https:\/\/api.w.org\/{rel}","templated":true}]}}